{"id":4069,"date":"2010-02-25T07:58:38","date_gmt":"2010-02-25T06:58:38","guid":{"rendered":"http:\/\/www.majdankrolewski.eu\/?p=4069"},"modified":"2010-02-25T22:58:50","modified_gmt":"2010-02-25T21:58:50","slug":"2010-02-25-podpisanie-umowy-z-marszalkiem-wojewodztwa-podkarpackiego","status":"publish","type":"post","link":"https:\/\/www.majdankrolewski.eu\/index.php\/2010\/02\/2010-02-25-podpisanie-umowy-z-marszalkiem-wojewodztwa-podkarpackiego\/","title":{"rendered":"2010.02.25 Podpisanie Umowy z Marsza\u0142kiem Wojew\u00f3dztwa Podkarpackiego"},"content":{"rendered":"<p style=\"text-align: justify;\">\u00a0\u00a0\u00a0\u00a0\u00a0\u00a0\u00a0\u00a0\u00a0\u00a0\u00a0\u00a0\u00a0\u00a0\u00a0\u00a0 Diecezja Sandomierska z\u0142o\u017cy\u0142a wniosek o dofinansowanie w ramach do Regionalnego Programu Operacyjnego Wojew\u00f3dztwa Podkarpackiego na lata 2007-2013 projektu pn. <strong>\u201eModernizacja i adaptacja oficyny dworskiej w ramach zabytkowego zespo\u0142u rodziny Koz\u0142owieckich w Hucie Komorowskiej na cele muzealne\u201d,<\/strong> kt\u00f3ry zosta\u0142 pozytywnie oceniony w wyniku przeprowadzonej formalnej, a tak\u017ce technicznej i technologicznej oraz finansowej i ekonomicznej weryfikacji ko\u0144cowej.<br \/>\n\u00a0\u00a0\u00a0\u00a0\u00a0\u00a0\u00a0\u00a0\u00a0\u00a0\u00a0\u00a0 Konsekwencj\u0105 tych prac by\u0142o podpisanie umowy o dofinansowanie dnia 25 lutego 2010 r. w Hucie Komorowskiej, w siedzibie Ochotniczej Stra\u017cy Po\u017carnej w Hucie Komorowskiej. <strong>Pod umow\u0105 swoje podpisy z\u0142o\u017cyli: ks. Bp. Krzysztof Nitkiewicz \u2013 Ordynariusz Diecezji Sandomierskiej oraz Zygmunt Cholewi\u0144ski \u2013 Marsza\u0142ek Wojew\u00f3dztwa Podkarpackiego.<br \/>\n<\/strong>Sw\u00f3j znacz\u0105cy wk\u0142ad w podpisanie tej umowy mia\u0142a Fundacja im. Ks. Kardyna\u0142a Adama Koz\u0142owieckiego \u201eSerce bez granic\u201d, a zw\u0142aszcza Panowie Bogdan Romaniuk i Dariusz B\u017adzikot.\n<\/p>\n<p style=\"text-align: justify;\">\u00a0Wiecej informacji na stronie <a href=\"http:\/\/www.cardinalekozlowiecki.pl\" target=\"_blank\">Fundacji im. Ks. Kardyna\u0142a Adama Koz\u0142owieckiego &#8222;Serce bez granic&#8221;<\/a><\/p>\n<p style=\"text-align: justify;\"><span style=\"color: #000000;\"><strong>Uroczysto\u015b\u0107 relacjonowa\u0142y media: <\/strong><\/span>\u00a0TVP Rzesz\u00f3w, Polskie Radio Rzesz\u00f3w, TV Stella &#8211; Stalowa Wola, Tygodniki: Niedziela, Go\u015b\u0107 Niedzielny, Korso Kolbuszowskie, Wydawnictwo PolskaPresse.pl oraz Portal majdankrolewski.eu.<br \/>\n\u00a0\u00a0\u00a0\u00a0\u00a0\u00a0\u00a0\u00a0\u00a0 <strong><span style=\"color: #ff0000;\">Zobacz zdj\u0119cia i filmy z uroczysto\u015bci:<\/span><\/strong>\n<\/p>\n<p style=\"text-align: center;\"><a href=\"http:\/\/www.cardinalekozlowiecki.pl\"><img loading=\"lazy\" decoding=\"async\" class=\"aligncenter\" src=\"http:\/\/www.cardinalekozlowiecki.pl\/pliki\/podpisanie.jpg\" alt=\"\" width=\"252\" height=\"235\" \/><\/a><\/p>\n","protected":false},"excerpt":{"rendered":"<p>\u00a0\u00a0\u00a0\u00a0\u00a0\u00a0\u00a0\u00a0\u00a0\u00a0\u00a0\u00a0\u00a0\u00a0\u00a0\u00a0 Diecezja Sandomierska z\u0142o\u017cy\u0142a wniosek o dofinansowanie w ramach do Regionalnego Programu Operacyjnego Wojew\u00f3dztwa Podkarpackiego na lata 2007-2013 projektu pn. \u201eModernizacja i adaptacja oficyny dworskiej w ramach zabytkowego zespo\u0142u rodziny Koz\u0142owieckich w Hucie Komorowskiej na cele muzealne\u201d, kt\u00f3ry zosta\u0142 pozytywnie oceniony w wyniku przeprowadzonej formalnej, a tak\u017ce technicznej i technologicznej oraz finansowej i ekonomicznej weryfikacji [&hellip;]<\/p>\n","protected":false},"author":20,"featured_media":0,"comment_status":"open","ping_status":"open","sticky":false,"template":"","format":"standard","meta":{"footnotes":""},"categories":[1],"tags":[],"class_list":["post-4069","post","type-post","status-publish","format-standard","hentry","category-uncategorized"],"_links":{"self":[{"href":"https:\/\/www.majdankrolewski.eu\/index.php\/wp-json\/wp\/v2\/posts\/4069","targetHints":{"allow":["GET"]}}],"collection":[{"href":"https:\/\/www.majdankrolewski.eu\/index.php\/wp-json\/wp\/v2\/posts"}],"about":[{"href":"https:\/\/www.majdankrolewski.eu\/index.php\/wp-json\/wp\/v2\/types\/post"}],"author":[{"embeddable":true,"href":"https:\/\/www.majdankrolewski.eu\/index.php\/wp-json\/wp\/v2\/users\/20"}],"replies":[{"embeddable":true,"href":"https:\/\/www.majdankrolewski.eu\/index.php\/wp-json\/wp\/v2\/comments?post=4069"}],"version-history":[{"count":9,"href":"https:\/\/www.majdankrolewski.eu\/index.php\/wp-json\/wp\/v2\/posts\/4069\/revisions"}],"predecessor-version":[{"id":4072,"href":"https:\/\/www.majdankrolewski.eu\/index.php\/wp-json\/wp\/v2\/posts\/4069\/revisions\/4072"}],"wp:attachment":[{"href":"https:\/\/www.majdankrolewski.eu\/index.php\/wp-json\/wp\/v2\/media?parent=4069"}],"wp:term":[{"taxonomy":"category","embeddable":true,"href":"https:\/\/www.majdankrolewski.eu\/index.php\/wp-json\/wp\/v2\/categories?post=4069"},{"taxonomy":"post_tag","embeddable":true,"href":"https:\/\/www.majdankrolewski.eu\/index.php\/wp-json\/wp\/v2\/tags?post=4069"}],"curies":[{"name":"wp","href":"https:\/\/api.w.org\/{rel}","templated":true}]}}