{"id":15846,"date":"2023-09-29T17:47:54","date_gmt":"2023-09-29T16:47:54","guid":{"rendered":"http:\/\/www.majdankrolewski.eu\/?p=15846"},"modified":"2024-08-15T20:10:10","modified_gmt":"2024-08-15T19:10:10","slug":"gratulacje-2","status":"publish","type":"post","link":"https:\/\/www.majdankrolewski.eu\/index.php\/2023\/09\/gratulacje-2\/","title":{"rendered":"Gratulacje"},"content":{"rendered":"\n<div class=\"wp-block-image\"><figure class=\"aligncenter size-full\"><a href=\"http:\/\/www.majdankrolewski.eu\/wp-content\/uploads\/2023\/09\/372920042_684714133691568_3291351085125359743_n.jpg\"><img loading=\"lazy\" decoding=\"async\" width=\"196\" height=\"120\" src=\"http:\/\/www.majdankrolewski.eu\/wp-content\/uploads\/2023\/09\/372920042_684714133691568_3291351085125359743_n.jpg\" alt=\"\" class=\"wp-image-15847\"\/><\/a><\/figure><\/div>\n\n\n\n<p>Ochotnicza Stra\u017c Po\u017carna w Majdanie Kr\u00f3lewskim pozyska\u0142a dotacj\u0119 z Fundacji PGE w kwocie 15,5 tys. zl.<br \/>Dzi\u0119ki pozyskanym \u015brodkom finansowym jednostka zakupi\u0142a agregat pr\u0105dotw\u00f3rczy, 2 szt. w\u0119\u017cy ssawnych, zbiornik wodny 2.5tys L, 4 szt. w\u0105\u017c t\u0142oczny w42, 2 szt. przeno\u015bnej lampy akumulatorowej oraz zestaw do poskramiania zwierz\u0105t. Pozyskany sprz\u0119t i umundurowanie podniesie sprawno\u015b\u0107 i bezpiecze\u0144stwo stra\u017cak\u00f3w podczas dzia\u0142a\u0144 ratowniczo-ga\u015bniczych .<\/p>\n\n\n\n<p>Stra\u017cacy z OSP Majdan Kr\u00f3lewski sk\u0142adaj\u0105 serdeczne podzi\u0119kowania Zarz\u0105dowi Fundacji PGE. za dostrze\u017cenie naszych potrzeb oraz&nbsp;<a href=\"https:\/\/www.facebook.com\/zbigniew.chmielowiec.1?__cft__[0]=AZXn9MFgFIROOnhEpOUXfvHLwl5rJGcP0JtZKu6YyNcou1_XMgVA7aCOiwkqm2ObFfKsG8YwCcPSe5z3XPxpjmVed_0-lokcOAmTO4_-L94WeYmSCYvmJSkEldVRyD1J2aC74GW9yWtM1YBJSrvNYIju_Fcz9wKvov7UzsAXPX7yoikZYHb7c30nxaoN-bQpcWgnjmrn5zcodoUcXI6idYP2&amp;__tn__=-]K*F\">Zbigniew Chmielowiec<\/a>&nbsp;Pos\u0142owi na Sejm RP za wsparcie w uzyskaniu dofinansowania.<br \/>Dzi\u0119kujemy Bardzo !!!<\/p>\n","protected":false},"excerpt":{"rendered":"<p>Ochotnicza Stra\u017c Po\u017carna w Majdanie Kr\u00f3lewskim pozyska\u0142a dotacj\u0119 z Fundacji PGE w kwocie 15,5 tys. zl.Dzi\u0119ki pozyskanym \u015brodkom finansowym jednostka zakupi\u0142a agregat pr\u0105dotw\u00f3rczy, 2 szt. w\u0119\u017cy ssawnych, zbiornik wodny 2.5tys L, 4 szt. w\u0105\u017c t\u0142oczny w42, 2 szt. przeno\u015bnej lampy akumulatorowej oraz zestaw do poskramiania zwierz\u0105t. Pozyskany sprz\u0119t i umundurowanie podniesie sprawno\u015b\u0107 i bezpiecze\u0144stwo stra\u017cak\u00f3w [&hellip;]<\/p>\n","protected":false},"author":20,"featured_media":15847,"comment_status":"open","ping_status":"closed","sticky":false,"template":"","format":"standard","meta":{"footnotes":""},"categories":[1],"tags":[],"class_list":["post-15846","post","type-post","status-publish","format-standard","has-post-thumbnail","hentry","category-uncategorized"],"_links":{"self":[{"href":"https:\/\/www.majdankrolewski.eu\/index.php\/wp-json\/wp\/v2\/posts\/15846","targetHints":{"allow":["GET"]}}],"collection":[{"href":"https:\/\/www.majdankrolewski.eu\/index.php\/wp-json\/wp\/v2\/posts"}],"about":[{"href":"https:\/\/www.majdankrolewski.eu\/index.php\/wp-json\/wp\/v2\/types\/post"}],"author":[{"embeddable":true,"href":"https:\/\/www.majdankrolewski.eu\/index.php\/wp-json\/wp\/v2\/users\/20"}],"replies":[{"embeddable":true,"href":"https:\/\/www.majdankrolewski.eu\/index.php\/wp-json\/wp\/v2\/comments?post=15846"}],"version-history":[{"count":1,"href":"https:\/\/www.majdankrolewski.eu\/index.php\/wp-json\/wp\/v2\/posts\/15846\/revisions"}],"predecessor-version":[{"id":15848,"href":"https:\/\/www.majdankrolewski.eu\/index.php\/wp-json\/wp\/v2\/posts\/15846\/revisions\/15848"}],"wp:featuredmedia":[{"embeddable":true,"href":"https:\/\/www.majdankrolewski.eu\/index.php\/wp-json\/wp\/v2\/media\/15847"}],"wp:attachment":[{"href":"https:\/\/www.majdankrolewski.eu\/index.php\/wp-json\/wp\/v2\/media?parent=15846"}],"wp:term":[{"taxonomy":"category","embeddable":true,"href":"https:\/\/www.majdankrolewski.eu\/index.php\/wp-json\/wp\/v2\/categories?post=15846"},{"taxonomy":"post_tag","embeddable":true,"href":"https:\/\/www.majdankrolewski.eu\/index.php\/wp-json\/wp\/v2\/tags?post=15846"}],"curies":[{"name":"wp","href":"https:\/\/api.w.org\/{rel}","templated":true}]}}