{"id":15761,"date":"2022-09-07T14:10:06","date_gmt":"2022-09-07T13:10:06","guid":{"rendered":"http:\/\/www.majdankrolewski.eu\/?p=15761"},"modified":"2024-08-15T20:12:48","modified_gmt":"2024-08-15T19:12:48","slug":"2022-09-04-xv-dni-kardynala-adama-kozlowieckiego-sj-fotorelacja","status":"publish","type":"post","link":"https:\/\/www.majdankrolewski.eu\/index.php\/2022\/09\/2022-09-04-xv-dni-kardynala-adama-kozlowieckiego-sj-fotorelacja\/","title":{"rendered":"2022.09.04 XV Dni Kardyna\u0142a Adama Koz\u0142owieckiego SJ &#8211; fotorelacja"},"content":{"rendered":"\n<p>Fotorelacja z XV Dni Kardyna\u0142a Adama Koz\u0142owieckiego SJ &#8211; Huta Komorowska 04.09.2022 r. Msza \u015bw. i Koncert. 264 zdj\u0119cia.<\/p>\n\n\n\n<p><a href=\"http:\/\/www.majdankrolewski.eu\/dni2022\/dni2022.html\">http:\/\/www.majdankrolewski.eu\/dni2022\/dni2022.html<\/a><\/p>\n\n\n\n<figure class=\"wp-block-image size-full is-resized\"><a href=\"http:\/\/www.majdankrolewski.eu\/dni2022\/dni2022.html\" target=\"_blank\" rel=\"noopener\"><img loading=\"lazy\" decoding=\"async\" src=\"http:\/\/www.majdankrolewski.eu\/wp-content\/uploads\/2022\/09\/20220904_112356.jpg\" alt=\"Kliknij by zobaczy\u0107 galeri\u0119\" class=\"wp-image-15763\" width=\"673\" height=\"303\" srcset=\"https:\/\/www.majdankrolewski.eu\/wp-content\/uploads\/2022\/09\/20220904_112356.jpg 800w, https:\/\/www.majdankrolewski.eu\/wp-content\/uploads\/2022\/09\/20220904_112356-450x203.jpg 450w, https:\/\/www.majdankrolewski.eu\/wp-content\/uploads\/2022\/09\/20220904_112356-768x346.jpg 768w\" sizes=\"auto, (max-width: 673px) 100vw, 673px\" \/><\/a><\/figure>\n","protected":false},"excerpt":{"rendered":"<p>Fotorelacja z XV Dni Kardyna\u0142a Adama Koz\u0142owieckiego SJ &#8211; Huta Komorowska 04.09.2022 r. Msza \u015bw. i Koncert. 264 zdj\u0119cia. http:\/\/www.majdankrolewski.eu\/dni2022\/dni2022.html<\/p>\n","protected":false},"author":20,"featured_media":15763,"comment_status":"open","ping_status":"closed","sticky":false,"template":"","format":"standard","meta":{"footnotes":""},"categories":[1],"tags":[],"class_list":["post-15761","post","type-post","status-publish","format-standard","has-post-thumbnail","hentry","category-uncategorized"],"_links":{"self":[{"href":"https:\/\/www.majdankrolewski.eu\/index.php\/wp-json\/wp\/v2\/posts\/15761","targetHints":{"allow":["GET"]}}],"collection":[{"href":"https:\/\/www.majdankrolewski.eu\/index.php\/wp-json\/wp\/v2\/posts"}],"about":[{"href":"https:\/\/www.majdankrolewski.eu\/index.php\/wp-json\/wp\/v2\/types\/post"}],"author":[{"embeddable":true,"href":"https:\/\/www.majdankrolewski.eu\/index.php\/wp-json\/wp\/v2\/users\/20"}],"replies":[{"embeddable":true,"href":"https:\/\/www.majdankrolewski.eu\/index.php\/wp-json\/wp\/v2\/comments?post=15761"}],"version-history":[{"count":4,"href":"https:\/\/www.majdankrolewski.eu\/index.php\/wp-json\/wp\/v2\/posts\/15761\/revisions"}],"predecessor-version":[{"id":15766,"href":"https:\/\/www.majdankrolewski.eu\/index.php\/wp-json\/wp\/v2\/posts\/15761\/revisions\/15766"}],"wp:featuredmedia":[{"embeddable":true,"href":"https:\/\/www.majdankrolewski.eu\/index.php\/wp-json\/wp\/v2\/media\/15763"}],"wp:attachment":[{"href":"https:\/\/www.majdankrolewski.eu\/index.php\/wp-json\/wp\/v2\/media?parent=15761"}],"wp:term":[{"taxonomy":"category","embeddable":true,"href":"https:\/\/www.majdankrolewski.eu\/index.php\/wp-json\/wp\/v2\/categories?post=15761"},{"taxonomy":"post_tag","embeddable":true,"href":"https:\/\/www.majdankrolewski.eu\/index.php\/wp-json\/wp\/v2\/tags?post=15761"}],"curies":[{"name":"wp","href":"https:\/\/api.w.org\/{rel}","templated":true}]}}