{"id":15640,"date":"2021-09-20T18:34:54","date_gmt":"2021-09-20T17:34:54","guid":{"rendered":"http:\/\/www.majdankrolewski.eu\/?p=15640"},"modified":"2021-09-20T18:36:42","modified_gmt":"2021-09-20T17:36:42","slug":"2021-09-19-xiv-dni-kardynala-adama-kozlowieckiego-sj-koncert-zespolu-niemagotu-w-hucie-komorowskiej","status":"publish","type":"post","link":"https:\/\/www.majdankrolewski.eu\/index.php\/2021\/09\/2021-09-19-xiv-dni-kardynala-adama-kozlowieckiego-sj-koncert-zespolu-niemagotu-w-hucie-komorowskiej\/","title":{"rendered":"2021.09.19 XIV Dni Kardyna\u0142a Adama Koz\u0142owieckiego SJ. Koncert zespo\u0142u &#8222;niemaGotu&#8221; w Hucie Komorowskiej"},"content":{"rendered":"<p style=\"text-align: justify;\">Relacja fotograficzna (91 zdj\u0119\u0107) z <span style=\"color: #000000;\">z obchod\u00f3w XIV Dni Kardyna\u0142a Adama Koz\u0142owieckiego SJ oraz koncertu Zespo\u0142u &#8222;niemaGotu&#8221; w Huciekomorowskiej w dniu <strong>19.09.2021 r. <\/strong><\/span><\/p>\n<p style=\"text-align: justify;\">Kliknij na zdj\u0119cie poni\u017cej&#8230;<\/p>\n<p style=\"text-align: justify;\"><a href=\"http:\/\/www.majdankrolewski.eu\/dni2021\/dni2021.html\"><img loading=\"lazy\" decoding=\"async\" class=\"alignnone \" src=\"http:\/\/www.majdankrolewski.eu\/dni2021\/dni2021a.jpg\" width=\"545\" height=\"363\"\/><\/a><\/p>\n<p style=\"text-align: justify;\"><a href=\"http:\/\/www.majdankrolewski.eu\/dni2021\/dni2021.html\"><img loading=\"lazy\" decoding=\"async\" class=\"alignnone \" src=\"http:\/\/www.majdankrolewski.eu\/dni2021\/dni2021b.jpg\" width=\"545\" height=\"363\"\/><\/a><\/p>\n","protected":false},"excerpt":{"rendered":"<p>Relacja fotograficzna (91 zdj\u0119\u0107) z z obchod\u00f3w XIV Dni Kardyna\u0142a Adama Koz\u0142owieckiego SJ oraz koncertu Zespo\u0142u &#8222;niemaGotu&#8221; w Huciekomorowskiej w dniu 19.09.2021 r. Kliknij na zdj\u0119cie poni\u017cej&#8230;<\/p>\n","protected":false},"author":20,"featured_media":15644,"comment_status":"open","ping_status":"closed","sticky":false,"template":"","format":"standard","meta":{"footnotes":""},"categories":[1],"tags":[],"class_list":["post-15640","post","type-post","status-publish","format-standard","has-post-thumbnail","hentry","category-uncategorized"],"_links":{"self":[{"href":"https:\/\/www.majdankrolewski.eu\/index.php\/wp-json\/wp\/v2\/posts\/15640","targetHints":{"allow":["GET"]}}],"collection":[{"href":"https:\/\/www.majdankrolewski.eu\/index.php\/wp-json\/wp\/v2\/posts"}],"about":[{"href":"https:\/\/www.majdankrolewski.eu\/index.php\/wp-json\/wp\/v2\/types\/post"}],"author":[{"embeddable":true,"href":"https:\/\/www.majdankrolewski.eu\/index.php\/wp-json\/wp\/v2\/users\/20"}],"replies":[{"embeddable":true,"href":"https:\/\/www.majdankrolewski.eu\/index.php\/wp-json\/wp\/v2\/comments?post=15640"}],"version-history":[{"count":2,"href":"https:\/\/www.majdankrolewski.eu\/index.php\/wp-json\/wp\/v2\/posts\/15640\/revisions"}],"predecessor-version":[{"id":15642,"href":"https:\/\/www.majdankrolewski.eu\/index.php\/wp-json\/wp\/v2\/posts\/15640\/revisions\/15642"}],"wp:featuredmedia":[{"embeddable":true,"href":"https:\/\/www.majdankrolewski.eu\/index.php\/wp-json\/wp\/v2\/media\/15644"}],"wp:attachment":[{"href":"https:\/\/www.majdankrolewski.eu\/index.php\/wp-json\/wp\/v2\/media?parent=15640"}],"wp:term":[{"taxonomy":"category","embeddable":true,"href":"https:\/\/www.majdankrolewski.eu\/index.php\/wp-json\/wp\/v2\/categories?post=15640"},{"taxonomy":"post_tag","embeddable":true,"href":"https:\/\/www.majdankrolewski.eu\/index.php\/wp-json\/wp\/v2\/tags?post=15640"}],"curies":[{"name":"wp","href":"https:\/\/api.w.org\/{rel}","templated":true}]}}