{"id":15417,"date":"2020-11-27T13:25:35","date_gmt":"2020-11-27T12:25:35","guid":{"rendered":"http:\/\/www.majdankrolewski.eu\/?p=15417"},"modified":"2020-11-28T09:35:32","modified_gmt":"2020-11-28T08:35:32","slug":"on-line-6-listopada-2020-r-godz-1600-zaproszenie-na-koncert-xiii-dni-kardynala-adama-kozlowieckiego-sj","status":"publish","type":"post","link":"https:\/\/www.majdankrolewski.eu\/index.php\/2020\/11\/on-line-6-listopada-2020-r-godz-1600-zaproszenie-na-koncert-xiii-dni-kardynala-adama-kozlowieckiego-sj\/","title":{"rendered":"Filmy z obchod\u00f3w XIII Dni Kardyna\u0142a Adama Koz\u0142owieckiego SJ 06-13.11.2020 r."},"content":{"rendered":"<p>Zapraszamy do obejrzenia zapisu transmisji on-line Koncertu oraz Konferencji&nbsp; w ramach obchod\u00f3w XIII Dni Kardyna\u0142a Adama Koz\u0142owieckiego SJ z dnia 6 &#8211; 13 listopada 2020 r., kt\u00f3re odby\u0142y si\u0119 w Wojew\u00f3dzkim Domu Kultury w Rzeszowie, Filii Katolickiego Uniwersytetu Lubelskiego w Stalowej Woli.<\/p>\n<p>06.11.2020 r. &#8211; Koncert artystyczno &#8211; muzyczny wyst\u0105pili: Dariusz Majelonek z grup\u0105 Maleo Reggae Rockets, Joanna Dudkowska z Zespo\u0142em Bezczas oraz \u017baneta Majcher z Grup\u0105 Camino Dance Company oraz go\u015b\u0107 specjalny Ricky Lion. WDK &#8211; Rzesz\u00f3w<\/p>\n<p>13.11.2020 r. &#8211; Przystanek Historia &#8211; Papie\u017c Jan Pawe\u0142 II a misje. KUL Stalowa Wola<\/p>\n<p>Zobacz film z Koncertu z 06.11.2020 r. WDK Rzesz\u00f3w:<\/p>\n<p><iframe loading=\"lazy\" src=\"https:\/\/www.youtube.com\/embed\/KtynIiQIdmI\" allowfullscreen=\"allowfullscreen\" width=\"560\" height=\"315\" frameborder=\"0\"><\/iframe><br \/>\nFilmy z Konferencji<br \/>\n1. Jan Pawe\u0142 II a misje SM &#8211; Ks. Pra\u0142at Pawe\u0142 Ptasznik.<br \/>\n<iframe loading=\"lazy\" src=\"https:\/\/www.youtube.com\/embed\/1Bj6NNSpaX4\" allow=\"accelerometer; autoplay; clipboard-write; encrypted-media; gyroscope; picture-in-picture\" allowfullscreen=\"\" width=\"560\" height=\"315\" frameborder=\"0\"><\/iframe><\/p>\n<p>2. Kardyna\u0142 Adam Koz\u0142owiecki, wspomnienia z oboz\u00f3w Auschwitz i Dachau SM Katarzyna Kyc<br \/>\n<iframe loading=\"lazy\" src=\"https:\/\/www.youtube.com\/embed\/xFb1w7B-dto\" allow=\"accelerometer; autoplay; clipboard-write; encrypted-media; gyroscope; picture-in-picture\" allowfullscreen=\"\" width=\"560\" height=\"315\" frameborder=\"0\"><\/iframe><\/p>\n<p><a href=\"http:\/\/www.majdankrolewski.eu\/pliki\/zpr13dnib.jpg\"><img loading=\"lazy\" decoding=\"async\" class=\"aligncenter  wp-image-13268\" src=\"http:\/\/www.cardinalekozlowiecki.pl\/wp-content\/uploads\/2020\/11\/zpr13dnia-300x212.jpg\" alt=\"\" width=\"359\" height=\"254\"\/><\/a> <a href=\"http:\/\/www.majdankrolewski.eu\/pliki\/zpr13dnib.jpg\"><img loading=\"lazy\" decoding=\"async\" class=\"aligncenter size-medium wp-image-13269\" src=\"http:\/\/www.cardinalekozlowiecki.pl\/wp-content\/uploads\/2020\/11\/zpr13dnib-300x212.jpg\" alt=\"\" width=\"300\" height=\"212\"\/><\/a><\/p>\n<p><a href=\"http:\/\/www.majdankrolewski.eu\/pliki\/plakat13dni.jpg\"><img loading=\"lazy\" decoding=\"async\" class=\"aligncenter  wp-image-13267\" src=\"http:\/\/www.cardinalekozlowiecki.pl\/wp-content\/uploads\/2020\/11\/plakat13dni-212x300.jpg\" alt=\"\" width=\"426\" height=\"603\"\/><\/a><\/p>\n","protected":false},"excerpt":{"rendered":"<p>Zapraszamy do obejrzenia zapisu transmisji on-line Koncertu oraz Konferencji&nbsp; w ramach obchod\u00f3w XIII Dni Kardyna\u0142a Adama Koz\u0142owieckiego SJ z dnia 6 &#8211; 13 listopada 2020 r., kt\u00f3re odby\u0142y si\u0119 w Wojew\u00f3dzkim Domu Kultury w Rzeszowie, Filii Katolickiego Uniwersytetu Lubelskiego w Stalowej Woli. 06.11.2020 r. &#8211; Koncert artystyczno &#8211; muzyczny wyst\u0105pili: Dariusz Majelonek z grup\u0105 Maleo [&hellip;]<\/p>\n","protected":false},"author":20,"featured_media":0,"comment_status":"open","ping_status":"closed","sticky":false,"template":"","format":"standard","meta":{"footnotes":""},"categories":[1],"tags":[],"class_list":["post-15417","post","type-post","status-publish","format-standard","hentry","category-uncategorized"],"_links":{"self":[{"href":"https:\/\/www.majdankrolewski.eu\/index.php\/wp-json\/wp\/v2\/posts\/15417","targetHints":{"allow":["GET"]}}],"collection":[{"href":"https:\/\/www.majdankrolewski.eu\/index.php\/wp-json\/wp\/v2\/posts"}],"about":[{"href":"https:\/\/www.majdankrolewski.eu\/index.php\/wp-json\/wp\/v2\/types\/post"}],"author":[{"embeddable":true,"href":"https:\/\/www.majdankrolewski.eu\/index.php\/wp-json\/wp\/v2\/users\/20"}],"replies":[{"embeddable":true,"href":"https:\/\/www.majdankrolewski.eu\/index.php\/wp-json\/wp\/v2\/comments?post=15417"}],"version-history":[{"count":10,"href":"https:\/\/www.majdankrolewski.eu\/index.php\/wp-json\/wp\/v2\/posts\/15417\/revisions"}],"predecessor-version":[{"id":15440,"href":"https:\/\/www.majdankrolewski.eu\/index.php\/wp-json\/wp\/v2\/posts\/15417\/revisions\/15440"}],"wp:attachment":[{"href":"https:\/\/www.majdankrolewski.eu\/index.php\/wp-json\/wp\/v2\/media?parent=15417"}],"wp:term":[{"taxonomy":"category","embeddable":true,"href":"https:\/\/www.majdankrolewski.eu\/index.php\/wp-json\/wp\/v2\/categories?post=15417"},{"taxonomy":"post_tag","embeddable":true,"href":"https:\/\/www.majdankrolewski.eu\/index.php\/wp-json\/wp\/v2\/tags?post=15417"}],"curies":[{"name":"wp","href":"https:\/\/api.w.org\/{rel}","templated":true}]}}